{"id":29575,"date":"2018-03-08T13:46:40","date_gmt":"2018-03-08T12:46:40","guid":{"rendered":"https:\/\/abbruch2020.indermache.de\/2018\/03\/european-demolition-industry-met-in-berlin\/"},"modified":"2020-11-20T17:18:43","modified_gmt":"2020-11-20T16:18:43","slug":"european-demolition-industry-met-in-berlin","status":"publish","type":"post","link":"https:\/\/www.deutscher-abbruchverband.de\/en\/2018\/03\/european-demolition-industry-met-in-berlin\/","title":{"rendered":"European Demolition Industry met in Berlin"},"content":{"rendered":"<h2>The Demolition Conference grows constantly and for this reason is heading to new shores in 2019<\/h2>\n<h3><strong>The 24<sup>th<\/sup> Demolition Conference, which was held in Berlin on Friday, 2<sup>nd<\/sup> of March 2018, was once again the important annual event of the industry and a full success for the German Demolition Association (DA) and all involved persons.<\/strong><\/h3>\n<p><strong>New Location in 2019<\/strong><\/p>\n<p>\u201cOnce again, a further increase in the response to this conference can be recorded. More than 900 participants from 15 countries and exactly 115 exhibitors this year underline the fact that the Demolition Conference is the largest of its kind in Europe&#8221;, DA Managing Director Pocha welcomed the guests.<\/p>\n<p>This steady growth requires a rethinking, so that the upcoming <strong>anniversary event on 15th of February 2019 will take place in the location &#8220;Station Berlin&#8221;<\/strong> for the first time. The whole conference will be located completely under one roof including the dialogue evening and hereby sets off for new shores. The DA is already looking forward to the new challenge and hopes for the loyalty of the participants and exhibitors.<\/p>\n<p><strong>DA Innovation Award 2018<\/strong><\/p>\n<p>For the first time, the German Demolition Association announced an Innovation Award at the conference. Mr. Dubrau was the winner of the award, worth 2,000 Euro, for his bachelor thesis with the subject &#8220;Development of a solid brick using RCM sand from masonry&#8221; at the Brandenburg Technical University in Cottbus.<\/p>\n<p><strong>Former NRW Minister of State Groschek holds Keynote<\/strong><\/p>\n<p>The former NRW minister of state and state chairman of the NRW SPD, Michael Groschek, opened the talks by giving the keynote on the topic \u201cFuture ideas for living and building &#8211; an opportunity for demolition\u201d. In his lecture he illustrated that the chance for the preparation of land for building and therefore urban renovation would not be possible without the demolition industry. Mr. Groschek impressively demonstrated how much potential for the industry is currently available in various bridges and real estate remediation in Germany. Hereby, he presented the opinion of many present experts and contractors.<\/p>\n<p><strong>Large Variety of Topics<\/strong><\/p>\n<p>The further presentations at the conference covered the wide range of topics of working fields in the demolition industry.<\/p>\n<p>Mr. Appel and Mr. Veerst from the company Ettengruber reported about &#8220;Demolition extreme in the heart of Munich&#8221;. In the case of continuous use by tenants it was necessary to deepen the individual basement levels in four multi-storey houses in a passage, enlarge them and assemble them into an unified, spacious building in a period of nearly three years. A mammoth task that could only be solved by the perfect interaction of many players.<\/p>\n<p>The president of the French demolition association SNED, Mr. Cornet-Philippe, spoke about dismantling of a bucket wheel excavator on the Seine. This lecture showed once again the diversity of the demolition industry, how flexible the industry has to be in all circumstances and how often new challenges are faced.<\/p>\n<p>With the title &#8220;300 tons of sprayed asbestos &#8211; extensive remediation using the example of the high-rise building Deutsche Welle&#8221; Mr. Maurer from the company BST Becker Sanierungstechnik GmbH showed how complex a professional remediation of high-rise buildings, which possess a steel construction with a coating of sprayed asbestos and which represent the common practice of the 1960\/1970s, nowadays is. Especially in this case the example shows the complexity of such a project due to the size of the three high-rise buildings including a three-storey basic structure with a total cubature of approx. 350,000 cbm enclosed space.<\/p>\n<p>In the last year, the DA itself developed a working support paper on demolition statics for its members, which was presented by Mr. J\u00fcnger of the engineering office J\u00fcnger. He explained the importance of this topic in the context of all tenderings and how the contractors should deal with it.<\/p>\n<p>The conference participants commented very positively on the compact and technically diverse programme with parallel industry exhibition, which showed a wide range of products to interested trade visitors.<\/p>\n<p><strong>Inspiring Dialogue Evening<\/strong><\/p>\n<p>On the following dialogue evening, which took place in the LOEWE-hall, discussions about the industry and the recent impressions of the successful conference took place until the late evening. DA Managing Director Pocha thanked the sponsors of the dialogue evening, the companies Epiroc Deutschland GmbH, Husqvarna Deutschland GmbH, Kiesel GmbH, MBI Deutschland GmbH, Moers Baumaschinen GmbH &amp; Co. KG, Paal Bauger\u00e4te GmbH, Sandvik Mining and Construction Oy, Sch\u00fctz Ersch\u00fctterungsmesstechnik GmbH, Zeppelin Baumaschinen GmbH for their kind support of the evening.<\/p>\n<p>Photos: <a href=\"http:\/\/www.kosmos-online.de\" target=\"_blank\" rel=\"noopener noreferrer\">www.kosmos-online.de<\/a><\/p>\n<p>&nbsp;<\/p>\n","protected":false},"excerpt":{"rendered":"<p>[:de]Die Fachtagung Abbruch w\u00e4chst stetig und so geht es in 2019 auf zu neuen Ufern<br \/>\nDie 24. Fachtagung Abbruch, die am Freitag, den 2.3.2018 in Berlin stattgefunden hat, war einmal mehr der ma\u00dfgebliche Jahresevent der Branche und ein voller Erfolg f\u00fcr den Deutschen Abbruchverband (DA) [:en]The Demolition Conference grows constantly and for this reason is heading to new shores in 2019<br \/>\nThe 24th Demolition Conference, which was held in Berlin on Friday, 2nd of March 2018, was once again the important annual event of the industry and a full success for the German Demolition Association (DA) and all involved persons.[:]&#8230;<\/p>\n","protected":false},"author":751,"featured_media":27881,"comment_status":"closed","ping_status":"closed","sticky":false,"template":"","format":"standard","meta":{"_acf_changed":false,"_bbp_topic_count":0,"_bbp_reply_count":0,"_bbp_total_topic_count":0,"_bbp_total_reply_count":0,"_bbp_voice_count":0,"_bbp_anonymous_reply_count":0,"_bbp_topic_count_hidden":0,"_bbp_reply_count_hidden":0,"_bbp_forum_subforum_count":0,"footnotes":""},"categories":[3688],"tags":[3906,3691,3682,3686],"class_list":["post-29575","post","type-post","status-publish","format-standard","has-post-thumbnail","hentry","category-press-archive","tag-asbestos-decontamination-en","tag-demolition-conference-en","tag-demolition-statics","tag-dismantling-en"],"acf":[],"yoast_head":"<!-- This site is optimized with the Yoast SEO plugin v27.5 - https:\/\/yoast.com\/product\/yoast-seo-wordpress\/ -->\n<title>European Demolition Industry met in Berlin - Deutscher Abbruchverband e.V.<\/title>\n<meta name=\"robots\" content=\"index, follow, max-snippet:-1, max-image-preview:large, max-video-preview:-1\" \/>\n<link rel=\"canonical\" href=\"https:\/\/www.deutscher-abbruchverband.de\/en\/2018\/03\/european-demolition-industry-met-in-berlin\/\" \/>\n<meta property=\"og:locale\" content=\"en_US\" \/>\n<meta property=\"og:type\" content=\"article\" \/>\n<meta property=\"og:title\" content=\"European Demolition Industry met in Berlin - Deutscher Abbruchverband e.V.\" \/>\n<meta property=\"og:description\" content=\"[:de]Die Fachtagung Abbruch w\u00e4chst stetig und so geht es in 2019 auf zu neuen Ufern Die 24. Fachtagung Abbruch, die am Freitag, den 2.3.2018 in Berlin stattgefunden hat, war einmal mehr der ma\u00dfgebliche Jahresevent der Branche und ein voller Erfolg f\u00fcr den Deutschen Abbruchverband (DA) [:en]The Demolition Conference grows constantly and for this reason is heading to new shores in 2019 The 24th Demolition Conference, which was held in Berlin on Friday, 2nd of March 2018, was once again the important annual event of the industry and a full success for the German Demolition Association (DA) and all involved persons.[:]...\" \/>\n<meta property=\"og:url\" content=\"https:\/\/www.deutscher-abbruchverband.de\/en\/2018\/03\/european-demolition-industry-met-in-berlin\/\" \/>\n<meta property=\"og:site_name\" content=\"Deutscher Abbruchverband e.V.\" \/>\n<meta property=\"article:publisher\" content=\"https:\/\/www.facebook.com\/pg\/Deutscher-Abbruchverband-eV-163906820357873\/about\/\" \/>\n<meta property=\"article:published_time\" content=\"2018-03-08T12:46:40+00:00\" \/>\n<meta property=\"article:modified_time\" content=\"2020-11-20T16:18:43+00:00\" \/>\n<meta property=\"og:image\" content=\"https:\/\/www.deutscher-abbruchverband.de\/wp-content\/uploads\/2018\/03\/NRW-Staatsminister-a.D.-Groschek.jpg\" \/>\n\t<meta property=\"og:image:width\" content=\"2150\" \/>\n\t<meta property=\"og:image:height\" content=\"1428\" \/>\n\t<meta property=\"og:image:type\" content=\"image\/jpeg\" \/>\n<meta name=\"author\" content=\"Viola Ridderbusch\" \/>\n<meta name=\"twitter:card\" content=\"summary_large_image\" \/>\n<meta name=\"twitter:label1\" content=\"Written by\" \/>\n\t<meta name=\"twitter:data1\" content=\"Viola Ridderbusch\" \/>\n\t<meta name=\"twitter:label2\" content=\"Est. reading time\" \/>\n\t<meta name=\"twitter:data2\" content=\"4 minutes\" \/>\n<script type=\"application\/ld+json\" class=\"yoast-schema-graph\">{\"@context\":\"https:\\\/\\\/schema.org\",\"@graph\":[{\"@type\":\"Article\",\"@id\":\"https:\\\/\\\/www.deutscher-abbruchverband.de\\\/en\\\/2018\\\/03\\\/european-demolition-industry-met-in-berlin\\\/#article\",\"isPartOf\":{\"@id\":\"https:\\\/\\\/www.deutscher-abbruchverband.de\\\/en\\\/2018\\\/03\\\/european-demolition-industry-met-in-berlin\\\/\"},\"author\":{\"name\":\"Viola Ridderbusch\",\"@id\":\"https:\\\/\\\/www.deutscher-abbruchverband.de\\\/#\\\/schema\\\/person\\\/1d7a05b68196589df6545a48a6d6b9ea\"},\"headline\":\"European Demolition Industry met in Berlin\",\"datePublished\":\"2018-03-08T12:46:40+00:00\",\"dateModified\":\"2020-11-20T16:18:43+00:00\",\"mainEntityOfPage\":{\"@id\":\"https:\\\/\\\/www.deutscher-abbruchverband.de\\\/en\\\/2018\\\/03\\\/european-demolition-industry-met-in-berlin\\\/\"},\"wordCount\":745,\"image\":{\"@id\":\"https:\\\/\\\/www.deutscher-abbruchverband.de\\\/en\\\/2018\\\/03\\\/european-demolition-industry-met-in-berlin\\\/#primaryimage\"},\"thumbnailUrl\":\"https:\\\/\\\/www.deutscher-abbruchverband.de\\\/wp-content\\\/uploads\\\/2018\\\/03\\\/NRW-Staatsminister-a.D.-Groschek.jpg\",\"keywords\":[\"asbestos decontamination\",\"Demolition Conference\",\"demolition statics\",\"dismantling\"],\"articleSection\":[\"Press archive\"],\"inLanguage\":\"en-US\"},{\"@type\":\"WebPage\",\"@id\":\"https:\\\/\\\/www.deutscher-abbruchverband.de\\\/en\\\/2018\\\/03\\\/european-demolition-industry-met-in-berlin\\\/\",\"url\":\"https:\\\/\\\/www.deutscher-abbruchverband.de\\\/en\\\/2018\\\/03\\\/european-demolition-industry-met-in-berlin\\\/\",\"name\":\"European Demolition Industry met in Berlin - Deutscher Abbruchverband e.V.\",\"isPartOf\":{\"@id\":\"https:\\\/\\\/www.deutscher-abbruchverband.de\\\/#website\"},\"primaryImageOfPage\":{\"@id\":\"https:\\\/\\\/www.deutscher-abbruchverband.de\\\/en\\\/2018\\\/03\\\/european-demolition-industry-met-in-berlin\\\/#primaryimage\"},\"image\":{\"@id\":\"https:\\\/\\\/www.deutscher-abbruchverband.de\\\/en\\\/2018\\\/03\\\/european-demolition-industry-met-in-berlin\\\/#primaryimage\"},\"thumbnailUrl\":\"https:\\\/\\\/www.deutscher-abbruchverband.de\\\/wp-content\\\/uploads\\\/2018\\\/03\\\/NRW-Staatsminister-a.D.-Groschek.jpg\",\"datePublished\":\"2018-03-08T12:46:40+00:00\",\"dateModified\":\"2020-11-20T16:18:43+00:00\",\"author\":{\"@id\":\"https:\\\/\\\/www.deutscher-abbruchverband.de\\\/#\\\/schema\\\/person\\\/1d7a05b68196589df6545a48a6d6b9ea\"},\"breadcrumb\":{\"@id\":\"https:\\\/\\\/www.deutscher-abbruchverband.de\\\/en\\\/2018\\\/03\\\/european-demolition-industry-met-in-berlin\\\/#breadcrumb\"},\"inLanguage\":\"en-US\",\"potentialAction\":[{\"@type\":\"ReadAction\",\"target\":[\"https:\\\/\\\/www.deutscher-abbruchverband.de\\\/en\\\/2018\\\/03\\\/european-demolition-industry-met-in-berlin\\\/\"]}]},{\"@type\":\"ImageObject\",\"inLanguage\":\"en-US\",\"@id\":\"https:\\\/\\\/www.deutscher-abbruchverband.de\\\/en\\\/2018\\\/03\\\/european-demolition-industry-met-in-berlin\\\/#primaryimage\",\"url\":\"https:\\\/\\\/www.deutscher-abbruchverband.de\\\/wp-content\\\/uploads\\\/2018\\\/03\\\/NRW-Staatsminister-a.D.-Groschek.jpg\",\"contentUrl\":\"https:\\\/\\\/www.deutscher-abbruchverband.de\\\/wp-content\\\/uploads\\\/2018\\\/03\\\/NRW-Staatsminister-a.D.-Groschek.jpg\",\"width\":2150,\"height\":1428},{\"@type\":\"BreadcrumbList\",\"@id\":\"https:\\\/\\\/www.deutscher-abbruchverband.de\\\/en\\\/2018\\\/03\\\/european-demolition-industry-met-in-berlin\\\/#breadcrumb\",\"itemListElement\":[{\"@type\":\"ListItem\",\"position\":1,\"name\":\"Home\",\"item\":\"https:\\\/\\\/www.deutscher-abbruchverband.de\\\/en\\\/\"},{\"@type\":\"ListItem\",\"position\":2,\"name\":\"European Demolition Industry met in Berlin\"}]},{\"@type\":\"WebSite\",\"@id\":\"https:\\\/\\\/www.deutscher-abbruchverband.de\\\/#website\",\"url\":\"https:\\\/\\\/www.deutscher-abbruchverband.de\\\/\",\"name\":\"Deutscher Abbruchverband e.V.\",\"description\":\"Oberl\u00e4nder Ufer 180 - 182  50968 K\u00f6ln\",\"potentialAction\":[{\"@type\":\"SearchAction\",\"target\":{\"@type\":\"EntryPoint\",\"urlTemplate\":\"https:\\\/\\\/www.deutscher-abbruchverband.de\\\/?s={search_term_string}\"},\"query-input\":{\"@type\":\"PropertyValueSpecification\",\"valueRequired\":true,\"valueName\":\"search_term_string\"}}],\"inLanguage\":\"en-US\"},{\"@type\":\"Person\",\"@id\":\"https:\\\/\\\/www.deutscher-abbruchverband.de\\\/#\\\/schema\\\/person\\\/1d7a05b68196589df6545a48a6d6b9ea\",\"name\":\"Viola Ridderbusch\",\"image\":{\"@type\":\"ImageObject\",\"inLanguage\":\"en-US\",\"@id\":\"https:\\\/\\\/www.deutscher-abbruchverband.de\\\/wp-content\\\/uploads\\\/avatars\\\/751\\\/1669885832-bpthumb.jpg\",\"url\":\"https:\\\/\\\/www.deutscher-abbruchverband.de\\\/wp-content\\\/uploads\\\/avatars\\\/751\\\/1669885832-bpthumb.jpg\",\"contentUrl\":\"https:\\\/\\\/www.deutscher-abbruchverband.de\\\/wp-content\\\/uploads\\\/avatars\\\/751\\\/1669885832-bpthumb.jpg\",\"caption\":\"Viola Ridderbusch\"},\"url\":\"https:\\\/\\\/www.deutscher-abbruchverband.de\\\/en\\\/author\\\/viola-ridderbusch\\\/\"}]}<\/script>\n<!-- \/ Yoast SEO plugin. -->","yoast_head_json":{"title":"European Demolition Industry met in Berlin - Deutscher Abbruchverband e.V.","robots":{"index":"index","follow":"follow","max-snippet":"max-snippet:-1","max-image-preview":"max-image-preview:large","max-video-preview":"max-video-preview:-1"},"canonical":"https:\/\/www.deutscher-abbruchverband.de\/en\/2018\/03\/european-demolition-industry-met-in-berlin\/","og_locale":"en_US","og_type":"article","og_title":"European Demolition Industry met in Berlin - Deutscher Abbruchverband e.V.","og_description":"[:de]Die Fachtagung Abbruch w\u00e4chst stetig und so geht es in 2019 auf zu neuen Ufern Die 24. Fachtagung Abbruch, die am Freitag, den 2.3.2018 in Berlin stattgefunden hat, war einmal mehr der ma\u00dfgebliche Jahresevent der Branche und ein voller Erfolg f\u00fcr den Deutschen Abbruchverband (DA) [:en]The Demolition Conference grows constantly and for this reason is heading to new shores in 2019 The 24th Demolition Conference, which was held in Berlin on Friday, 2nd of March 2018, was once again the important annual event of the industry and a full success for the German Demolition Association (DA) and all involved persons.[:]...","og_url":"https:\/\/www.deutscher-abbruchverband.de\/en\/2018\/03\/european-demolition-industry-met-in-berlin\/","og_site_name":"Deutscher Abbruchverband e.V.","article_publisher":"https:\/\/www.facebook.com\/pg\/Deutscher-Abbruchverband-eV-163906820357873\/about\/","article_published_time":"2018-03-08T12:46:40+00:00","article_modified_time":"2020-11-20T16:18:43+00:00","og_image":[{"width":2150,"height":1428,"url":"https:\/\/www.deutscher-abbruchverband.de\/wp-content\/uploads\/2018\/03\/NRW-Staatsminister-a.D.-Groschek.jpg","type":"image\/jpeg"}],"author":"Viola Ridderbusch","twitter_card":"summary_large_image","twitter_misc":{"Written by":"Viola Ridderbusch","Est. reading time":"4 minutes"},"schema":{"@context":"https:\/\/schema.org","@graph":[{"@type":"Article","@id":"https:\/\/www.deutscher-abbruchverband.de\/en\/2018\/03\/european-demolition-industry-met-in-berlin\/#article","isPartOf":{"@id":"https:\/\/www.deutscher-abbruchverband.de\/en\/2018\/03\/european-demolition-industry-met-in-berlin\/"},"author":{"name":"Viola Ridderbusch","@id":"https:\/\/www.deutscher-abbruchverband.de\/#\/schema\/person\/1d7a05b68196589df6545a48a6d6b9ea"},"headline":"European Demolition Industry met in Berlin","datePublished":"2018-03-08T12:46:40+00:00","dateModified":"2020-11-20T16:18:43+00:00","mainEntityOfPage":{"@id":"https:\/\/www.deutscher-abbruchverband.de\/en\/2018\/03\/european-demolition-industry-met-in-berlin\/"},"wordCount":745,"image":{"@id":"https:\/\/www.deutscher-abbruchverband.de\/en\/2018\/03\/european-demolition-industry-met-in-berlin\/#primaryimage"},"thumbnailUrl":"https:\/\/www.deutscher-abbruchverband.de\/wp-content\/uploads\/2018\/03\/NRW-Staatsminister-a.D.-Groschek.jpg","keywords":["asbestos decontamination","Demolition Conference","demolition statics","dismantling"],"articleSection":["Press archive"],"inLanguage":"en-US"},{"@type":"WebPage","@id":"https:\/\/www.deutscher-abbruchverband.de\/en\/2018\/03\/european-demolition-industry-met-in-berlin\/","url":"https:\/\/www.deutscher-abbruchverband.de\/en\/2018\/03\/european-demolition-industry-met-in-berlin\/","name":"European Demolition Industry met in Berlin - Deutscher Abbruchverband e.V.","isPartOf":{"@id":"https:\/\/www.deutscher-abbruchverband.de\/#website"},"primaryImageOfPage":{"@id":"https:\/\/www.deutscher-abbruchverband.de\/en\/2018\/03\/european-demolition-industry-met-in-berlin\/#primaryimage"},"image":{"@id":"https:\/\/www.deutscher-abbruchverband.de\/en\/2018\/03\/european-demolition-industry-met-in-berlin\/#primaryimage"},"thumbnailUrl":"https:\/\/www.deutscher-abbruchverband.de\/wp-content\/uploads\/2018\/03\/NRW-Staatsminister-a.D.-Groschek.jpg","datePublished":"2018-03-08T12:46:40+00:00","dateModified":"2020-11-20T16:18:43+00:00","author":{"@id":"https:\/\/www.deutscher-abbruchverband.de\/#\/schema\/person\/1d7a05b68196589df6545a48a6d6b9ea"},"breadcrumb":{"@id":"https:\/\/www.deutscher-abbruchverband.de\/en\/2018\/03\/european-demolition-industry-met-in-berlin\/#breadcrumb"},"inLanguage":"en-US","potentialAction":[{"@type":"ReadAction","target":["https:\/\/www.deutscher-abbruchverband.de\/en\/2018\/03\/european-demolition-industry-met-in-berlin\/"]}]},{"@type":"ImageObject","inLanguage":"en-US","@id":"https:\/\/www.deutscher-abbruchverband.de\/en\/2018\/03\/european-demolition-industry-met-in-berlin\/#primaryimage","url":"https:\/\/www.deutscher-abbruchverband.de\/wp-content\/uploads\/2018\/03\/NRW-Staatsminister-a.D.-Groschek.jpg","contentUrl":"https:\/\/www.deutscher-abbruchverband.de\/wp-content\/uploads\/2018\/03\/NRW-Staatsminister-a.D.-Groschek.jpg","width":2150,"height":1428},{"@type":"BreadcrumbList","@id":"https:\/\/www.deutscher-abbruchverband.de\/en\/2018\/03\/european-demolition-industry-met-in-berlin\/#breadcrumb","itemListElement":[{"@type":"ListItem","position":1,"name":"Home","item":"https:\/\/www.deutscher-abbruchverband.de\/en\/"},{"@type":"ListItem","position":2,"name":"European Demolition Industry met in Berlin"}]},{"@type":"WebSite","@id":"https:\/\/www.deutscher-abbruchverband.de\/#website","url":"https:\/\/www.deutscher-abbruchverband.de\/","name":"Deutscher Abbruchverband e.V.","description":"Oberl\u00e4nder Ufer 180 - 182  50968 K\u00f6ln","potentialAction":[{"@type":"SearchAction","target":{"@type":"EntryPoint","urlTemplate":"https:\/\/www.deutscher-abbruchverband.de\/?s={search_term_string}"},"query-input":{"@type":"PropertyValueSpecification","valueRequired":true,"valueName":"search_term_string"}}],"inLanguage":"en-US"},{"@type":"Person","@id":"https:\/\/www.deutscher-abbruchverband.de\/#\/schema\/person\/1d7a05b68196589df6545a48a6d6b9ea","name":"Viola Ridderbusch","image":{"@type":"ImageObject","inLanguage":"en-US","@id":"https:\/\/www.deutscher-abbruchverband.de\/wp-content\/uploads\/avatars\/751\/1669885832-bpthumb.jpg","url":"https:\/\/www.deutscher-abbruchverband.de\/wp-content\/uploads\/avatars\/751\/1669885832-bpthumb.jpg","contentUrl":"https:\/\/www.deutscher-abbruchverband.de\/wp-content\/uploads\/avatars\/751\/1669885832-bpthumb.jpg","caption":"Viola Ridderbusch"},"url":"https:\/\/www.deutscher-abbruchverband.de\/en\/author\/viola-ridderbusch\/"}]}},"_links":{"self":[{"href":"https:\/\/www.deutscher-abbruchverband.de\/en\/wp-json\/wp\/v2\/posts\/29575","targetHints":{"allow":["GET"]}}],"collection":[{"href":"https:\/\/www.deutscher-abbruchverband.de\/en\/wp-json\/wp\/v2\/posts"}],"about":[{"href":"https:\/\/www.deutscher-abbruchverband.de\/en\/wp-json\/wp\/v2\/types\/post"}],"author":[{"embeddable":true,"href":"https:\/\/www.deutscher-abbruchverband.de\/en\/wp-json\/wp\/v2\/users\/751"}],"replies":[{"embeddable":true,"href":"https:\/\/www.deutscher-abbruchverband.de\/en\/wp-json\/wp\/v2\/comments?post=29575"}],"version-history":[{"count":1,"href":"https:\/\/www.deutscher-abbruchverband.de\/en\/wp-json\/wp\/v2\/posts\/29575\/revisions"}],"predecessor-version":[{"id":29579,"href":"https:\/\/www.deutscher-abbruchverband.de\/en\/wp-json\/wp\/v2\/posts\/29575\/revisions\/29579"}],"wp:featuredmedia":[{"embeddable":true,"href":"https:\/\/www.deutscher-abbruchverband.de\/en\/wp-json\/wp\/v2\/media\/27881"}],"wp:attachment":[{"href":"https:\/\/www.deutscher-abbruchverband.de\/en\/wp-json\/wp\/v2\/media?parent=29575"}],"wp:term":[{"taxonomy":"category","embeddable":true,"href":"https:\/\/www.deutscher-abbruchverband.de\/en\/wp-json\/wp\/v2\/categories?post=29575"},{"taxonomy":"post_tag","embeddable":true,"href":"https:\/\/www.deutscher-abbruchverband.de\/en\/wp-json\/wp\/v2\/tags?post=29575"}],"curies":[{"name":"wp","href":"https:\/\/api.w.org\/{rel}","templated":true}]}}